{"id":2723,"date":"2021-11-25T17:27:44","date_gmt":"2021-11-25T16:27:44","guid":{"rendered":"http:\/\/www.association-aatm.org\/?p=2723"},"modified":"2021-11-25T17:28:31","modified_gmt":"2021-11-25T16:28:31","slug":"projet-jeunes-reporters-pour-un-territoire-responsable-et-solidaire","status":"publish","type":"post","link":"\/index.php\/2021\/11\/25\/projet-jeunes-reporters-pour-un-territoire-responsable-et-solidaire\/","title":{"rendered":"PROJET JEUNES REPORTERS \u00ab POUR UN TERRITOIRE RESPONSABLE ET SOLIDAIRE \u00bb"},"content":{"rendered":"\n<p>En partenariat avec l&rsquo;association E-graine et la MJC de Marigny, des enfants du CADA de la Chapelle Saint Luc ont particip\u00e9 au projet Jeunes Reporters.<\/p>\n\n\n\n<p>Ils ont pu participer \u00e0 des ateliers de sensibilisation pour mieux comprendre les Objectifs du D\u00e9veloppement Durable et se<br>questionner \u00e0 travers la th\u00e9matique de l\u2019alimentation.<\/p>\n\n\n\n<p>Des rencontres et des interviews ont \u00e9t\u00e9 men\u00e9 sur le terrain par les jeunes qui ont ainsi pu d\u2019enregistrer une \u00e9mission de radio en partenariat avec la Radio Carr\u00e9ment Ado de la FDMKC.<\/p>\n\n\n\n\t\t<style type=\"text\/css\">\n\t\t\t#gallery-1 {\n\t\t\t\tmargin: auto;\n\t\t\t}\n\t\t\t#gallery-1 .gallery-item {\n\t\t\t\tfloat: left;\n\t\t\t\tmargin-top: 10px;\n\t\t\t\ttext-align: center;\n\t\t\t\twidth: 50%;\n\t\t\t}\n\t\t\t#gallery-1 img {\n\t\t\t\tborder: 2px solid #cfcfcf;\n\t\t\t}\n\t\t\t#gallery-1 .gallery-caption {\n\t\t\t\tmargin-left: 0;\n\t\t\t}\n\t\t\t\/* see gallery_shortcode() in wp-includes\/media.php *\/\n\t\t<\/style>\n\t\t<div id='gallery-1' class='gallery galleryid-2723 gallery-columns-2 gallery-size-large'><dl class='gallery-item'>\n\t\t\t<dt class='gallery-icon landscape'>\n\t\t\t\t<a href='\/index.php\/2021\/11\/25\/projet-jeunes-reporters-pour-un-territoire-responsable-et-solidaire\/page-1-5\/'><img loading=\"lazy\" decoding=\"async\" width=\"1024\" height=\"717\" src=\"\/wp-content\/uploads\/2021\/11\/page-1-1-1024x717.jpg\" class=\"attachment-large size-large\" alt=\"\" srcset=\"\/wp-content\/uploads\/2021\/11\/page-1-1-1024x717.jpg 1024w, \/wp-content\/uploads\/2021\/11\/page-1-1-300x210.jpg 300w, \/wp-content\/uploads\/2021\/11\/page-1-1-768x538.jpg 768w, \/wp-content\/uploads\/2021\/11\/page-1-1.jpg 1031w\" sizes=\"auto, (max-width: 1024px) 100vw, 1024px\" itemprop=\"image\" \/><\/a>\n\t\t\t<\/dt><\/dl><dl class='gallery-item'>\n\t\t\t<dt class='gallery-icon landscape'>\n\t\t\t\t<a href='\/index.php\/2021\/11\/25\/projet-jeunes-reporters-pour-un-territoire-responsable-et-solidaire\/page-2\/'><img loading=\"lazy\" decoding=\"async\" width=\"1024\" height=\"720\" src=\"\/wp-content\/uploads\/2021\/11\/page-2-1-1024x720.jpg\" class=\"attachment-large size-large\" alt=\"\" srcset=\"\/wp-content\/uploads\/2021\/11\/page-2-1-1024x720.jpg 1024w, \/wp-content\/uploads\/2021\/11\/page-2-1-300x211.jpg 300w, \/wp-content\/uploads\/2021\/11\/page-2-1-768x540.jpg 768w, \/wp-content\/uploads\/2021\/11\/page-2-1.jpg 1034w\" sizes=\"auto, (max-width: 1024px) 100vw, 1024px\" itemprop=\"image\" \/><\/a>\n\t\t\t<\/dt><\/dl><br style=\"clear: both\" \/><dl class='gallery-item'>\n\t\t\t<dt class='gallery-icon landscape'>\n\t\t\t\t<a href='\/index.php\/2021\/11\/25\/projet-jeunes-reporters-pour-un-territoire-responsable-et-solidaire\/page-3\/'><img loading=\"lazy\" decoding=\"async\" width=\"1024\" height=\"720\" src=\"\/wp-content\/uploads\/2021\/11\/page-3-1-1024x720.jpg\" class=\"attachment-large size-large\" alt=\"\" srcset=\"\/wp-content\/uploads\/2021\/11\/page-3-1-1024x720.jpg 1024w, \/wp-content\/uploads\/2021\/11\/page-3-1-300x211.jpg 300w, \/wp-content\/uploads\/2021\/11\/page-3-1-768x540.jpg 768w, \/wp-content\/uploads\/2021\/11\/page-3-1.jpg 1034w\" sizes=\"auto, (max-width: 1024px) 100vw, 1024px\" itemprop=\"image\" \/><\/a>\n\t\t\t<\/dt><\/dl><dl class='gallery-item'>\n\t\t\t<dt class='gallery-icon landscape'>\n\t\t\t\t<a href='\/index.php\/2021\/11\/25\/projet-jeunes-reporters-pour-un-territoire-responsable-et-solidaire\/page-4\/'><img loading=\"lazy\" decoding=\"async\" width=\"1024\" height=\"720\" src=\"\/wp-content\/uploads\/2021\/11\/page-4-1-1024x720.jpg\" class=\"attachment-large size-large\" alt=\"\" srcset=\"\/wp-content\/uploads\/2021\/11\/page-4-1-1024x720.jpg 1024w, \/wp-content\/uploads\/2021\/11\/page-4-1-300x211.jpg 300w, \/wp-content\/uploads\/2021\/11\/page-4-1-768x540.jpg 768w, \/wp-content\/uploads\/2021\/11\/page-4-1.jpg 1034w\" sizes=\"auto, (max-width: 1024px) 100vw, 1024px\" itemprop=\"image\" \/><\/a>\n\t\t\t<\/dt><\/dl><br style=\"clear: both\" \/>\n\t\t<\/div>\n\n\n\n<p><\/p>\n\n\n\n<p>Pour retrouver l&rsquo;\u00e9mission enregistr\u00e9e par les enfants, c&rsquo;est ici:<\/p>\n\n\n\n<p> <\/p>\n\n\n\n<figure class=\"wp-block-audio\"><audio controls src=\"\/wp-content\/uploads\/2021\/11\/mjc-marigny-oct-2021.mp3\"><\/audio><\/figure>\n","protected":false},"excerpt":{"rendered":"<p>En partenariat avec l&rsquo;association E-graine et la MJC de Marigny, des enfants du CADA de la Chapelle Saint Luc ont particip\u00e9 au projet Jeunes Reporters. Ils ont pu participer \u00e0 des ateliers de sensibilisation pour mieux comprendre les Objectifs du D\u00e9veloppement Durable et sequestionner \u00e0 travers la th\u00e9matique de l\u2019alimentation. Des rencontres et des interviews [&hellip;]<\/p>\n","protected":false},"author":3,"featured_media":2724,"comment_status":"open","ping_status":"open","sticky":false,"template":"","format":"standard","meta":{"_jetpack_memberships_contains_paid_content":false,"footnotes":""},"categories":[16,17,3,6,10],"tags":[],"class_list":["post-2723","post","type-post","status-publish","format-standard","has-post-thumbnail","hentry","category-actu","category-animations","category-artciles","category-articles","category-lachapelle"],"jetpack_featured_media_url":"\/wp-content\/uploads\/2021\/11\/page-1-1.jpg","jetpack_sharing_enabled":true,"_links":{"self":[{"href":"\/index.php\/wp-json\/wp\/v2\/posts\/2723","targetHints":{"allow":["GET"]}}],"collection":[{"href":"\/index.php\/wp-json\/wp\/v2\/posts"}],"about":[{"href":"\/index.php\/wp-json\/wp\/v2\/types\/post"}],"author":[{"embeddable":true,"href":"\/index.php\/wp-json\/wp\/v2\/users\/3"}],"replies":[{"embeddable":true,"href":"\/index.php\/wp-json\/wp\/v2\/comments?post=2723"}],"version-history":[{"count":18,"href":"\/index.php\/wp-json\/wp\/v2\/posts\/2723\/revisions"}],"predecessor-version":[{"id":2746,"href":"\/index.php\/wp-json\/wp\/v2\/posts\/2723\/revisions\/2746"}],"wp:featuredmedia":[{"embeddable":true,"href":"\/index.php\/wp-json\/wp\/v2\/media\/2724"}],"wp:attachment":[{"href":"\/index.php\/wp-json\/wp\/v2\/media?parent=2723"}],"wp:term":[{"taxonomy":"category","embeddable":true,"href":"\/index.php\/wp-json\/wp\/v2\/categories?post=2723"},{"taxonomy":"post_tag","embeddable":true,"href":"\/index.php\/wp-json\/wp\/v2\/tags?post=2723"}],"curies":[{"name":"wp","href":"https:\/\/api.w.org\/{rel}","templated":true}]}}